{"id":1228,"date":"2019-10-06T23:48:58","date_gmt":"2019-10-06T21:48:58","guid":{"rendered":"http:\/\/manufaktura.home.pl\/autoinstalator\/wordpressplugins\/?p=1228"},"modified":"2019-10-06T23:49:05","modified_gmt":"2019-10-06T21:49:05","slug":"gdzie-jest-zuzanna","status":"publish","type":"post","link":"http:\/\/mikolajkamler.pl\/pl_pl\/gdzie-jest-zuzanna\/","title":{"rendered":"Gdzie jest Zuzanna?"},"content":{"rendered":"\n<figure class=\"wp-block-image is-resized\"><img loading=\"lazy\" decoding=\"async\" data-attachment-id=\"1229\" data-permalink=\"http:\/\/mikolajkamler.pl\/pl_pl\/gdzie-jest-zuzanna\/screenshot-2019-10-06-at-23-20-16\/\" data-orig-file=\"https:\/\/i0.wp.com\/mikolajkamler.pl\/wp-content\/uploads\/2019\/10\/Screenshot-2019-10-06-at-23.20.16.png?fit=1397%2C937?v=1706113898\" data-orig-size=\"1397,937\" data-comments-opened=\"1\" data-image-meta=\"{&quot;aperture&quot;:&quot;0&quot;,&quot;credit&quot;:&quot;&quot;,&quot;camera&quot;:&quot;&quot;,&quot;caption&quot;:&quot;&quot;,&quot;created_timestamp&quot;:&quot;0&quot;,&quot;copyright&quot;:&quot;&quot;,&quot;focal_length&quot;:&quot;0&quot;,&quot;iso&quot;:&quot;0&quot;,&quot;shutter_speed&quot;:&quot;0&quot;,&quot;title&quot;:&quot;&quot;,&quot;orientation&quot;:&quot;0&quot;}\" data-image-title=\"Screenshot-2019-10-06-at-23.20.16\" data-image-description=\"\" data-image-caption=\"\" data-medium-file=\"https:\/\/i0.wp.com\/mikolajkamler.pl\/wp-content\/uploads\/2019\/10\/Screenshot-2019-10-06-at-23.20.16.png?fit=300%2C201?v=1706113898\" data-large-file=\"https:\/\/i0.wp.com\/mikolajkamler.pl\/wp-content\/uploads\/2019\/10\/Screenshot-2019-10-06-at-23.20.16.png?fit=880%2C590?v=1706113898\" src=\"https:\/\/i1.wp.com\/manufaktura.home.pl\/autoinstalator\/wordpressplugins\/wp-content\/uploads\/2019\/10\/Screenshot-2019-10-06-at-23.20.16.png?fit=880%2C590\" alt=\"\" class=\"wp-image-1229\" width=\"589\" height=\"394\" srcset=\"https:\/\/i0.wp.com\/mikolajkamler.pl\/wp-content\/uploads\/2019\/10\/Screenshot-2019-10-06-at-23.20.16.png?w=1397 1397w, https:\/\/i0.wp.com\/mikolajkamler.pl\/wp-content\/uploads\/2019\/10\/Screenshot-2019-10-06-at-23.20.16.png?resize=300%2C201 300w, https:\/\/i0.wp.com\/mikolajkamler.pl\/wp-content\/uploads\/2019\/10\/Screenshot-2019-10-06-at-23.20.16.png?resize=1024%2C687 1024w, https:\/\/i0.wp.com\/mikolajkamler.pl\/wp-content\/uploads\/2019\/10\/Screenshot-2019-10-06-at-23.20.16.png?resize=768%2C515 768w, https:\/\/i0.wp.com\/mikolajkamler.pl\/wp-content\/uploads\/2019\/10\/Screenshot-2019-10-06-at-23.20.16.png?resize=18%2C12 18w, https:\/\/i0.wp.com\/mikolajkamler.pl\/wp-content\/uploads\/2019\/10\/Screenshot-2019-10-06-at-23.20.16.png?resize=880%2C590 880w, https:\/\/i0.wp.com\/mikolajkamler.pl\/wp-content\/uploads\/2019\/10\/Screenshot-2019-10-06-at-23.20.16.png?resize=220%2C148 220w\" sizes=\"auto, (max-width: 589px) 100vw, 589px\" \/><\/figure>\n\n\n\n<p>Prosz\u0119 si\u0119 nie niepokoi\u0107! Dotychczas Manufaktura.art.pl to by\u0142o wsp\u00f3lne nasze portfolio. Tymczasem okaza\u0142o si\u0119, \u017ce Zuzia wola\u0142aby mie\u0107 w\u0142asn\u0105 stron\u0119, z w\u0142asnym adresem, a \u017ce przy tym postanowili\u015bmy zmieni\u0107 CMS i przej\u015b\u0107 na WordPressa, w zwi\u0105zku z tym pod niniejszym adresem znajdziecie Pa\u0144stwo moje prace, natomiast wszystko, co z Zuzann\u0105 zwi\u0105zane &#8211; czy to informacja o ksi\u0105\u017ckach, czy o ilustracjach &#8211; mo\u017cna znale\u017a\u0107 pod adresem <a href=\"http:\/\/www.zuzannaorlinska.pl\">www.zuzannaorlinska.pl<\/a>.<\/p>\n\n\n\n<p>Szukaj\u0105cych informacji o Zuzannie, albo ewentualnego kontaktu z ni\u0105 serdecznie zapraszamy!<\/p>\n","protected":false},"excerpt":{"rendered":"<p>Prosz\u0119 si\u0119 nie niepokoi\u0107! Dotychczas Manufaktura.art.pl to by\u0142o wsp\u00f3lne nasze portfolio. Tymczasem okaza\u0142o si\u0119, \u017ce Zuzia wola\u0142aby mie\u0107 w\u0142asn\u0105 stron\u0119, z w\u0142asnym adresem, a \u017ce przy tym postanowili\u015bmy zmieni\u0107 CMS i przej\u015b\u0107 na WordPressa, w zwi\u0105zku z tym pod niniejszym adresem znajdziecie Pa\u0144stwo moje prace, natomiast wszystko, co z Zuzann\u0105 zwi\u0105zane &#8211; czy to informacja [&hellip;]<\/p>\n","protected":false},"author":1,"featured_media":0,"comment_status":"open","ping_status":"open","sticky":true,"template":"","format":"standard","meta":{"_jetpack_memberships_contains_paid_content":false,"footnotes":"","jetpack_publicize_message":"","jetpack_publicize_feature_enabled":true,"jetpack_social_post_already_shared":true,"jetpack_social_options":{"image_generator_settings":{"template":"highway","enabled":false},"version":2}},"categories":[1,2],"tags":[],"class_list":["post-1228","post","type-post","status-publish","format-standard","hentry","category-bez-kategorii","category-uncategorized"],"jetpack_publicize_connections":[],"yoast_head":"<!-- This site is optimized with the Yoast SEO plugin v24.9 - https:\/\/yoast.com\/wordpress\/plugins\/seo\/ -->\n<title>Gdzie jest Zuzanna? | Miko\u0142aj Kamler<\/title>\n<meta name=\"robots\" content=\"index, follow, max-snippet:-1, max-image-preview:large, max-video-preview:-1\" \/>\n<link rel=\"canonical\" href=\"https:\/\/mikolajkamler.pl\/pl_pl\/gdzie-jest-zuzanna\/\" \/>\n<meta property=\"og:locale\" content=\"pl_PL\" \/>\n<meta property=\"og:type\" content=\"article\" \/>\n<meta property=\"og:title\" content=\"Gdzie jest Zuzanna? | Miko\u0142aj Kamler\" \/>\n<meta property=\"og:description\" content=\"Prosz\u0119 si\u0119 nie niepokoi\u0107! Dotychczas Manufaktura.art.pl to by\u0142o wsp\u00f3lne nasze portfolio. Tymczasem okaza\u0142o si\u0119, \u017ce Zuzia wola\u0142aby mie\u0107 w\u0142asn\u0105 stron\u0119, z w\u0142asnym adresem, a \u017ce przy tym postanowili\u015bmy zmieni\u0107 CMS i przej\u015b\u0107 na WordPressa, w zwi\u0105zku z tym pod niniejszym adresem znajdziecie Pa\u0144stwo moje prace, natomiast wszystko, co z Zuzann\u0105 zwi\u0105zane &#8211; czy to informacja [&hellip;]\" \/>\n<meta property=\"og:url\" content=\"https:\/\/mikolajkamler.pl\/pl_pl\/gdzie-jest-zuzanna\/\" \/>\n<meta property=\"og:site_name\" content=\"Miko\u0142aj Kamler\" \/>\n<meta property=\"article:published_time\" content=\"2019-10-06T21:48:58+00:00\" \/>\n<meta property=\"article:modified_time\" content=\"2019-10-06T21:49:05+00:00\" \/>\n<meta property=\"og:image\" content=\"https:\/\/i1.wp.com\/manufaktura.home.pl\/autoinstalator\/wordpressplugins\/wp-content\/uploads\/2019\/10\/Screenshot-2019-10-06-at-23.20.16.png?fit=880%2C590\" \/>\n<meta name=\"author\" content=\"admin\" \/>\n<meta name=\"twitter:card\" content=\"summary_large_image\" \/>\n<meta name=\"twitter:label1\" content=\"Napisane przez\" \/>\n\t<meta name=\"twitter:data1\" content=\"admin\" \/>\n<script type=\"application\/ld+json\" class=\"yoast-schema-graph\">{\"@context\":\"https:\/\/schema.org\",\"@graph\":[{\"@type\":\"Article\",\"@id\":\"https:\/\/mikolajkamler.pl\/pl_pl\/gdzie-jest-zuzanna\/#article\",\"isPartOf\":{\"@id\":\"https:\/\/mikolajkamler.pl\/pl_pl\/gdzie-jest-zuzanna\/\"},\"author\":{\"name\":\"admin\",\"@id\":\"https:\/\/mikolajkamler.pl\/pl_pl\/#\/schema\/person\/337577033a7bcebd4e5ce98fb5307608\"},\"headline\":\"Gdzie jest Zuzanna?\",\"datePublished\":\"2019-10-06T21:48:58+00:00\",\"dateModified\":\"2019-10-06T21:49:05+00:00\",\"mainEntityOfPage\":{\"@id\":\"https:\/\/mikolajkamler.pl\/pl_pl\/gdzie-jest-zuzanna\/\"},\"wordCount\":97,\"commentCount\":0,\"publisher\":{\"@id\":\"https:\/\/mikolajkamler.pl\/pl_pl\/#\/schema\/person\/337577033a7bcebd4e5ce98fb5307608\"},\"image\":{\"@id\":\"https:\/\/mikolajkamler.pl\/pl_pl\/gdzie-jest-zuzanna\/#primaryimage\"},\"thumbnailUrl\":\"https:\/\/i1.wp.com\/manufaktura.home.pl\/autoinstalator\/wordpressplugins\/wp-content\/uploads\/2019\/10\/Screenshot-2019-10-06-at-23.20.16.png?fit=880%2C590\",\"articleSection\":{\"1\":\"Uncategorized\"},\"inLanguage\":\"pl-PL\",\"potentialAction\":[{\"@type\":\"CommentAction\",\"name\":\"Comment\",\"target\":[\"https:\/\/mikolajkamler.pl\/pl_pl\/gdzie-jest-zuzanna\/#respond\"]}]},{\"@type\":\"WebPage\",\"@id\":\"https:\/\/mikolajkamler.pl\/pl_pl\/gdzie-jest-zuzanna\/\",\"url\":\"https:\/\/mikolajkamler.pl\/pl_pl\/gdzie-jest-zuzanna\/\",\"name\":\"Gdzie jest Zuzanna? | Miko\u0142aj Kamler\",\"isPartOf\":{\"@id\":\"https:\/\/mikolajkamler.pl\/pl_pl\/#website\"},\"primaryImageOfPage\":{\"@id\":\"https:\/\/mikolajkamler.pl\/pl_pl\/gdzie-jest-zuzanna\/#primaryimage\"},\"image\":{\"@id\":\"https:\/\/mikolajkamler.pl\/pl_pl\/gdzie-jest-zuzanna\/#primaryimage\"},\"thumbnailUrl\":\"https:\/\/i1.wp.com\/manufaktura.home.pl\/autoinstalator\/wordpressplugins\/wp-content\/uploads\/2019\/10\/Screenshot-2019-10-06-at-23.20.16.png?fit=880%2C590\",\"datePublished\":\"2019-10-06T21:48:58+00:00\",\"dateModified\":\"2019-10-06T21:49:05+00:00\",\"breadcrumb\":{\"@id\":\"https:\/\/mikolajkamler.pl\/pl_pl\/gdzie-jest-zuzanna\/#breadcrumb\"},\"inLanguage\":\"pl-PL\",\"potentialAction\":[{\"@type\":\"ReadAction\",\"target\":[\"https:\/\/mikolajkamler.pl\/pl_pl\/gdzie-jest-zuzanna\/\"]}]},{\"@type\":\"ImageObject\",\"inLanguage\":\"pl-PL\",\"@id\":\"https:\/\/mikolajkamler.pl\/pl_pl\/gdzie-jest-zuzanna\/#primaryimage\",\"url\":\"https:\/\/i1.wp.com\/manufaktura.home.pl\/autoinstalator\/wordpressplugins\/wp-content\/uploads\/2019\/10\/Screenshot-2019-10-06-at-23.20.16.png?fit=880%2C590\",\"contentUrl\":\"https:\/\/i1.wp.com\/manufaktura.home.pl\/autoinstalator\/wordpressplugins\/wp-content\/uploads\/2019\/10\/Screenshot-2019-10-06-at-23.20.16.png?fit=880%2C590\"},{\"@type\":\"BreadcrumbList\",\"@id\":\"https:\/\/mikolajkamler.pl\/pl_pl\/gdzie-jest-zuzanna\/#breadcrumb\",\"itemListElement\":[{\"@type\":\"ListItem\",\"position\":1,\"name\":\"Strona g\u0142\u00f3wna\",\"item\":\"https:\/\/mikolajkamler.pl\/en\/\"},{\"@type\":\"ListItem\",\"position\":2,\"name\":\"Gdzie jest Zuzanna?\"}]},{\"@type\":\"WebSite\",\"@id\":\"https:\/\/mikolajkamler.pl\/pl_pl\/#website\",\"url\":\"https:\/\/mikolajkamler.pl\/pl_pl\/\",\"name\":\"Miko\u0142aj Kamler - portfolio\",\"description\":\"Ilustracje ||| Animacje\",\"publisher\":{\"@id\":\"https:\/\/mikolajkamler.pl\/pl_pl\/#\/schema\/person\/337577033a7bcebd4e5ce98fb5307608\"},\"potentialAction\":[{\"@type\":\"SearchAction\",\"target\":{\"@type\":\"EntryPoint\",\"urlTemplate\":\"https:\/\/mikolajkamler.pl\/pl_pl\/?s={search_term_string}\"},\"query-input\":{\"@type\":\"PropertyValueSpecification\",\"valueRequired\":true,\"valueName\":\"search_term_string\"}}],\"inLanguage\":\"pl-PL\"},{\"@type\":[\"Person\",\"Organization\"],\"@id\":\"https:\/\/mikolajkamler.pl\/pl_pl\/#\/schema\/person\/337577033a7bcebd4e5ce98fb5307608\",\"name\":\"admin\",\"image\":{\"@type\":\"ImageObject\",\"inLanguage\":\"pl-PL\",\"@id\":\"https:\/\/mikolajkamler.pl\/pl_pl\/#\/schema\/person\/image\/\",\"url\":\"https:\/\/secure.gravatar.com\/avatar\/809b6c0cf9614ccd65f07625e2ee48b51671016f28fd9dc3c0888dc092c58515?s=96&d=mm&r=g\",\"contentUrl\":\"https:\/\/secure.gravatar.com\/avatar\/809b6c0cf9614ccd65f07625e2ee48b51671016f28fd9dc3c0888dc092c58515?s=96&d=mm&r=g\",\"caption\":\"admin\"},\"logo\":{\"@id\":\"https:\/\/mikolajkamler.pl\/pl_pl\/#\/schema\/person\/image\/\"}}]}<\/script>\n<!-- \/ Yoast SEO plugin. -->","yoast_head_json":{"title":"Gdzie jest Zuzanna? | Miko\u0142aj Kamler","robots":{"index":"index","follow":"follow","max-snippet":"max-snippet:-1","max-image-preview":"max-image-preview:large","max-video-preview":"max-video-preview:-1"},"canonical":"https:\/\/mikolajkamler.pl\/pl_pl\/gdzie-jest-zuzanna\/","og_locale":"pl_PL","og_type":"article","og_title":"Gdzie jest Zuzanna? | Miko\u0142aj Kamler","og_description":"Prosz\u0119 si\u0119 nie niepokoi\u0107! Dotychczas Manufaktura.art.pl to by\u0142o wsp\u00f3lne nasze portfolio. Tymczasem okaza\u0142o si\u0119, \u017ce Zuzia wola\u0142aby mie\u0107 w\u0142asn\u0105 stron\u0119, z w\u0142asnym adresem, a \u017ce przy tym postanowili\u015bmy zmieni\u0107 CMS i przej\u015b\u0107 na WordPressa, w zwi\u0105zku z tym pod niniejszym adresem znajdziecie Pa\u0144stwo moje prace, natomiast wszystko, co z Zuzann\u0105 zwi\u0105zane &#8211; czy to informacja [&hellip;]","og_url":"https:\/\/mikolajkamler.pl\/pl_pl\/gdzie-jest-zuzanna\/","og_site_name":"Miko\u0142aj Kamler","article_published_time":"2019-10-06T21:48:58+00:00","article_modified_time":"2019-10-06T21:49:05+00:00","og_image":[{"url":"https:\/\/i1.wp.com\/manufaktura.home.pl\/autoinstalator\/wordpressplugins\/wp-content\/uploads\/2019\/10\/Screenshot-2019-10-06-at-23.20.16.png?fit=880%2C590","type":"","width":"","height":""}],"author":"admin","twitter_card":"summary_large_image","twitter_misc":{"Napisane przez":"admin"},"schema":{"@context":"https:\/\/schema.org","@graph":[{"@type":"Article","@id":"https:\/\/mikolajkamler.pl\/pl_pl\/gdzie-jest-zuzanna\/#article","isPartOf":{"@id":"https:\/\/mikolajkamler.pl\/pl_pl\/gdzie-jest-zuzanna\/"},"author":{"name":"admin","@id":"https:\/\/mikolajkamler.pl\/pl_pl\/#\/schema\/person\/337577033a7bcebd4e5ce98fb5307608"},"headline":"Gdzie jest Zuzanna?","datePublished":"2019-10-06T21:48:58+00:00","dateModified":"2019-10-06T21:49:05+00:00","mainEntityOfPage":{"@id":"https:\/\/mikolajkamler.pl\/pl_pl\/gdzie-jest-zuzanna\/"},"wordCount":97,"commentCount":0,"publisher":{"@id":"https:\/\/mikolajkamler.pl\/pl_pl\/#\/schema\/person\/337577033a7bcebd4e5ce98fb5307608"},"image":{"@id":"https:\/\/mikolajkamler.pl\/pl_pl\/gdzie-jest-zuzanna\/#primaryimage"},"thumbnailUrl":"https:\/\/i1.wp.com\/manufaktura.home.pl\/autoinstalator\/wordpressplugins\/wp-content\/uploads\/2019\/10\/Screenshot-2019-10-06-at-23.20.16.png?fit=880%2C590","articleSection":{"1":"Uncategorized"},"inLanguage":"pl-PL","potentialAction":[{"@type":"CommentAction","name":"Comment","target":["https:\/\/mikolajkamler.pl\/pl_pl\/gdzie-jest-zuzanna\/#respond"]}]},{"@type":"WebPage","@id":"https:\/\/mikolajkamler.pl\/pl_pl\/gdzie-jest-zuzanna\/","url":"https:\/\/mikolajkamler.pl\/pl_pl\/gdzie-jest-zuzanna\/","name":"Gdzie jest Zuzanna? | Miko\u0142aj Kamler","isPartOf":{"@id":"https:\/\/mikolajkamler.pl\/pl_pl\/#website"},"primaryImageOfPage":{"@id":"https:\/\/mikolajkamler.pl\/pl_pl\/gdzie-jest-zuzanna\/#primaryimage"},"image":{"@id":"https:\/\/mikolajkamler.pl\/pl_pl\/gdzie-jest-zuzanna\/#primaryimage"},"thumbnailUrl":"https:\/\/i1.wp.com\/manufaktura.home.pl\/autoinstalator\/wordpressplugins\/wp-content\/uploads\/2019\/10\/Screenshot-2019-10-06-at-23.20.16.png?fit=880%2C590","datePublished":"2019-10-06T21:48:58+00:00","dateModified":"2019-10-06T21:49:05+00:00","breadcrumb":{"@id":"https:\/\/mikolajkamler.pl\/pl_pl\/gdzie-jest-zuzanna\/#breadcrumb"},"inLanguage":"pl-PL","potentialAction":[{"@type":"ReadAction","target":["https:\/\/mikolajkamler.pl\/pl_pl\/gdzie-jest-zuzanna\/"]}]},{"@type":"ImageObject","inLanguage":"pl-PL","@id":"https:\/\/mikolajkamler.pl\/pl_pl\/gdzie-jest-zuzanna\/#primaryimage","url":"https:\/\/i1.wp.com\/manufaktura.home.pl\/autoinstalator\/wordpressplugins\/wp-content\/uploads\/2019\/10\/Screenshot-2019-10-06-at-23.20.16.png?fit=880%2C590","contentUrl":"https:\/\/i1.wp.com\/manufaktura.home.pl\/autoinstalator\/wordpressplugins\/wp-content\/uploads\/2019\/10\/Screenshot-2019-10-06-at-23.20.16.png?fit=880%2C590"},{"@type":"BreadcrumbList","@id":"https:\/\/mikolajkamler.pl\/pl_pl\/gdzie-jest-zuzanna\/#breadcrumb","itemListElement":[{"@type":"ListItem","position":1,"name":"Strona g\u0142\u00f3wna","item":"https:\/\/mikolajkamler.pl\/en\/"},{"@type":"ListItem","position":2,"name":"Gdzie jest Zuzanna?"}]},{"@type":"WebSite","@id":"https:\/\/mikolajkamler.pl\/pl_pl\/#website","url":"https:\/\/mikolajkamler.pl\/pl_pl\/","name":"Miko\u0142aj Kamler - portfolio","description":"Ilustracje ||| Animacje","publisher":{"@id":"https:\/\/mikolajkamler.pl\/pl_pl\/#\/schema\/person\/337577033a7bcebd4e5ce98fb5307608"},"potentialAction":[{"@type":"SearchAction","target":{"@type":"EntryPoint","urlTemplate":"https:\/\/mikolajkamler.pl\/pl_pl\/?s={search_term_string}"},"query-input":{"@type":"PropertyValueSpecification","valueRequired":true,"valueName":"search_term_string"}}],"inLanguage":"pl-PL"},{"@type":["Person","Organization"],"@id":"https:\/\/mikolajkamler.pl\/pl_pl\/#\/schema\/person\/337577033a7bcebd4e5ce98fb5307608","name":"admin","image":{"@type":"ImageObject","inLanguage":"pl-PL","@id":"https:\/\/mikolajkamler.pl\/pl_pl\/#\/schema\/person\/image\/","url":"https:\/\/secure.gravatar.com\/avatar\/809b6c0cf9614ccd65f07625e2ee48b51671016f28fd9dc3c0888dc092c58515?s=96&d=mm&r=g","contentUrl":"https:\/\/secure.gravatar.com\/avatar\/809b6c0cf9614ccd65f07625e2ee48b51671016f28fd9dc3c0888dc092c58515?s=96&d=mm&r=g","caption":"admin"},"logo":{"@id":"https:\/\/mikolajkamler.pl\/pl_pl\/#\/schema\/person\/image\/"}}]}},"jetpack_featured_media_url":"","jetpack_sharing_enabled":true,"jetpack_likes_enabled":true,"_links":{"self":[{"href":"http:\/\/mikolajkamler.pl\/pl_pl\/wp-json\/wp\/v2\/posts\/1228","targetHints":{"allow":["GET"]}}],"collection":[{"href":"http:\/\/mikolajkamler.pl\/pl_pl\/wp-json\/wp\/v2\/posts"}],"about":[{"href":"http:\/\/mikolajkamler.pl\/pl_pl\/wp-json\/wp\/v2\/types\/post"}],"author":[{"embeddable":true,"href":"http:\/\/mikolajkamler.pl\/pl_pl\/wp-json\/wp\/v2\/users\/1"}],"replies":[{"embeddable":true,"href":"http:\/\/mikolajkamler.pl\/pl_pl\/wp-json\/wp\/v2\/comments?post=1228"}],"version-history":[{"count":1,"href":"http:\/\/mikolajkamler.pl\/pl_pl\/wp-json\/wp\/v2\/posts\/1228\/revisions"}],"predecessor-version":[{"id":1230,"href":"http:\/\/mikolajkamler.pl\/pl_pl\/wp-json\/wp\/v2\/posts\/1228\/revisions\/1230"}],"wp:attachment":[{"href":"http:\/\/mikolajkamler.pl\/pl_pl\/wp-json\/wp\/v2\/media?parent=1228"}],"wp:term":[{"taxonomy":"category","embeddable":true,"href":"http:\/\/mikolajkamler.pl\/pl_pl\/wp-json\/wp\/v2\/categories?post=1228"},{"taxonomy":"post_tag","embeddable":true,"href":"http:\/\/mikolajkamler.pl\/pl_pl\/wp-json\/wp\/v2\/tags?post=1228"}],"curies":[{"name":"wp","href":"https:\/\/api.w.org\/{rel}","templated":true}]}}