{"id":1241,"date":"2019-10-09T13:17:30","date_gmt":"2019-10-09T11:17:30","guid":{"rendered":"http:\/\/manufaktura.art.pl\/?p=1241"},"modified":"2019-10-09T13:20:43","modified_gmt":"2019-10-09T11:20:43","slug":"krolowie-stalowej-woli","status":"publish","type":"post","link":"http:\/\/mikolajkamler.pl\/pl_pl\/krolowie-stalowej-woli\/","title":{"rendered":"Kr\u00f3lowie Stalowej Woli"},"content":{"rendered":"\n<figure class=\"wp-block-image\"><a href=\"https:\/\/i0.wp.com\/manufaktura.art.pl\/wp-content\/uploads\/2019\/10\/IMG_6190.jpg\"><img data-recalc-dims=\"1\" decoding=\"async\" data-attachment-id=\"1242\" data-permalink=\"http:\/\/mikolajkamler.pl\/pl_pl\/krolowie-stalowej-woli\/img_6190\/\" data-orig-file=\"https:\/\/i0.wp.com\/mikolajkamler.pl\/wp-content\/uploads\/2019\/10\/IMG_6190-scaled.jpg?fit=2560%2C1707?v=1706113897\" data-orig-size=\"2560,1707\" data-comments-opened=\"1\" data-image-meta=\"{&quot;aperture&quot;:&quot;2.8&quot;,&quot;credit&quot;:&quot;&quot;,&quot;camera&quot;:&quot;Canon EOS 77D&quot;,&quot;caption&quot;:&quot;&quot;,&quot;created_timestamp&quot;:&quot;1569579898&quot;,&quot;copyright&quot;:&quot;&quot;,&quot;focal_length&quot;:&quot;17&quot;,&quot;iso&quot;:&quot;100&quot;,&quot;shutter_speed&quot;:&quot;0.016666666666667&quot;,&quot;title&quot;:&quot;&quot;,&quot;orientation&quot;:&quot;1&quot;}\" data-image-title=\"IMG_6190\" data-image-description=\"\" data-image-caption=\"\" data-medium-file=\"https:\/\/i0.wp.com\/mikolajkamler.pl\/wp-content\/uploads\/2019\/10\/IMG_6190-scaled.jpg?fit=300%2C200?v=1706113897\" data-large-file=\"https:\/\/i0.wp.com\/mikolajkamler.pl\/wp-content\/uploads\/2019\/10\/IMG_6190-scaled.jpg?fit=880%2C587?v=1706113897\" src=\"https:\/\/i0.wp.com\/manufaktura.art.pl\/wp-content\/uploads\/2019\/10\/IMG_6190.jpg?w=880\" alt=\"\" class=\"wp-image-1242\"\/><\/a><\/figure>\n\n\n\n<p>27 wrze\u015bnia mia\u0142em przyjemno\u015b\u0107 spotka\u0107 si\u0119 z dzie\u0107mi ( uczniami klasy V PSP z Oddzia\u0142ami Integracyjnymi nr 7 ) w Miejskiej Bibliotece Publicznej w Stalowej Woli. By\u0142y to warsztaty z ilustracji, podczas kt\u00f3rych mia\u0142y powsta\u0107 portrety kr\u00f3lewskie.<\/p>\n\n\n\n<p>Opowiedzia\u0142em im jak dzia\u0142a ilustrator i jak powstaj\u0105 ilustrowane ksi\u0105\u017cki, po czym wzi\u0119li\u015bmy si\u0119 do roboty. Do pomocy mieli cz\u0119\u015bci sk\u0142adowe: nosy, oczy, brody &#8211; nie zapominaj\u0105c o koronach &#8211; z kt\u00f3rych mieli wyklei\u0107 portety wymy\u015blonych przez siebie kr\u00f3l\u00f3w ( i kr\u00f3lowych ). Jak wida\u0107 na powy\u017cszym obrazku, niekt\u00f3rym takie pomoce w og\u00f3le nie by\u0142y potrzebne&#8230;<\/p>\n\n\n\n<p>Przed spotkaniem przeprowadzi\u0142a ze mn\u0105 wywiad stalowowolska telewizja:<\/p>\n\n\n\n<p><a href=\"http:\/\/www.tvkstella.pl\/video.php?id=ik_011019\">http:\/\/www.tvkstella.pl\/video.php?id=ik_011019<\/a><\/p>\n","protected":false},"excerpt":{"rendered":"<p>27 wrze\u015bnia mia\u0142em przyjemno\u015b\u0107 spotka\u0107 si\u0119 z dzie\u0107mi ( uczniami klasy V PSP z Oddzia\u0142ami Integracyjnymi nr 7 ) w Miejskiej Bibliotece Publicznej w Stalowej Woli. By\u0142y to warsztaty z ilustracji, podczas kt\u00f3rych mia\u0142y powsta\u0107 portrety kr\u00f3lewskie. Opowiedzia\u0142em im jak dzia\u0142a ilustrator i jak powstaj\u0105 ilustrowane ksi\u0105\u017cki, po czym wzi\u0119li\u015bmy si\u0119 do roboty. Do pomocy [&hellip;]<\/p>\n","protected":false},"author":1,"featured_media":0,"comment_status":"open","ping_status":"open","sticky":false,"template":"","format":"standard","meta":{"_jetpack_memberships_contains_paid_content":false,"footnotes":"","jetpack_publicize_message":"","jetpack_publicize_feature_enabled":true,"jetpack_social_post_already_shared":true,"jetpack_social_options":{"image_generator_settings":{"template":"highway","enabled":false},"version":2}},"categories":[36],"tags":[],"class_list":["post-1241","post","type-post","status-publish","format-standard","hentry","category-spotkania-autorskie"],"jetpack_publicize_connections":[],"yoast_head":"<!-- This site is optimized with the Yoast SEO plugin v24.9 - https:\/\/yoast.com\/wordpress\/plugins\/seo\/ -->\n<title>Kr\u00f3lowie Stalowej Woli | Miko\u0142aj Kamler<\/title>\n<meta name=\"robots\" content=\"index, follow, max-snippet:-1, max-image-preview:large, max-video-preview:-1\" \/>\n<link rel=\"canonical\" href=\"https:\/\/mikolajkamler.pl\/pl_pl\/krolowie-stalowej-woli\/\" \/>\n<meta property=\"og:locale\" content=\"pl_PL\" \/>\n<meta property=\"og:type\" content=\"article\" \/>\n<meta property=\"og:title\" content=\"Kr\u00f3lowie Stalowej Woli | Miko\u0142aj Kamler\" \/>\n<meta property=\"og:description\" content=\"27 wrze\u015bnia mia\u0142em przyjemno\u015b\u0107 spotka\u0107 si\u0119 z dzie\u0107mi ( uczniami klasy V PSP z Oddzia\u0142ami Integracyjnymi nr 7 ) w Miejskiej Bibliotece Publicznej w Stalowej Woli. By\u0142y to warsztaty z ilustracji, podczas kt\u00f3rych mia\u0142y powsta\u0107 portrety kr\u00f3lewskie. Opowiedzia\u0142em im jak dzia\u0142a ilustrator i jak powstaj\u0105 ilustrowane ksi\u0105\u017cki, po czym wzi\u0119li\u015bmy si\u0119 do roboty. Do pomocy [&hellip;]\" \/>\n<meta property=\"og:url\" content=\"https:\/\/mikolajkamler.pl\/pl_pl\/krolowie-stalowej-woli\/\" \/>\n<meta property=\"og:site_name\" content=\"Miko\u0142aj Kamler\" \/>\n<meta property=\"article:published_time\" content=\"2019-10-09T11:17:30+00:00\" \/>\n<meta property=\"article:modified_time\" content=\"2019-10-09T11:20:43+00:00\" \/>\n<meta property=\"og:image\" content=\"https:\/\/i0.wp.com\/mikolajkamler.pl\/wp-content\/uploads\/2019\/10\/IMG_6190-scaled.jpg?fit=2560%2C1707&ssl=1?v=1706113897\" \/>\n\t<meta property=\"og:image:width\" content=\"2560\" \/>\n\t<meta property=\"og:image:height\" content=\"1707\" \/>\n\t<meta property=\"og:image:type\" content=\"image\/jpeg\" \/>\n<meta name=\"author\" content=\"admin\" \/>\n<meta name=\"twitter:card\" content=\"summary_large_image\" \/>\n<meta name=\"twitter:label1\" content=\"Napisane przez\" \/>\n\t<meta name=\"twitter:data1\" content=\"admin\" \/>\n\t<meta name=\"twitter:label2\" content=\"Szacowany czas czytania\" \/>\n\t<meta name=\"twitter:data2\" content=\"1 minuta\" \/>\n<script type=\"application\/ld+json\" class=\"yoast-schema-graph\">{\"@context\":\"https:\/\/schema.org\",\"@graph\":[{\"@type\":\"Article\",\"@id\":\"https:\/\/mikolajkamler.pl\/en\/krolowie-stalowej-woli\/#article\",\"isPartOf\":{\"@id\":\"https:\/\/mikolajkamler.pl\/en\/krolowie-stalowej-woli\/\"},\"author\":{\"name\":\"admin\",\"@id\":\"https:\/\/mikolajkamler.pl\/pl_pl\/#\/schema\/person\/337577033a7bcebd4e5ce98fb5307608\"},\"headline\":\"Kr\u00f3lowie Stalowej Woli\",\"datePublished\":\"2019-10-09T11:17:30+00:00\",\"dateModified\":\"2019-10-09T11:20:43+00:00\",\"mainEntityOfPage\":{\"@id\":\"https:\/\/mikolajkamler.pl\/en\/krolowie-stalowej-woli\/\"},\"wordCount\":133,\"commentCount\":0,\"publisher\":{\"@id\":\"https:\/\/mikolajkamler.pl\/pl_pl\/#\/schema\/person\/337577033a7bcebd4e5ce98fb5307608\"},\"image\":{\"@id\":\"https:\/\/mikolajkamler.pl\/en\/krolowie-stalowej-woli\/#primaryimage\"},\"thumbnailUrl\":\"http:\/\/manufaktura.art.pl\/wp-content\/uploads\/2019\/10\/IMG_6190.jpg\",\"articleSection\":[\"spotkania autorskie\"],\"inLanguage\":\"pl-PL\",\"potentialAction\":[{\"@type\":\"CommentAction\",\"name\":\"Comment\",\"target\":[\"https:\/\/mikolajkamler.pl\/en\/krolowie-stalowej-woli\/#respond\"]}]},{\"@type\":\"WebPage\",\"@id\":\"https:\/\/mikolajkamler.pl\/en\/krolowie-stalowej-woli\/\",\"url\":\"https:\/\/mikolajkamler.pl\/en\/krolowie-stalowej-woli\/\",\"name\":\"Kr\u00f3lowie Stalowej Woli | Miko\u0142aj Kamler\",\"isPartOf\":{\"@id\":\"https:\/\/mikolajkamler.pl\/pl_pl\/#website\"},\"primaryImageOfPage\":{\"@id\":\"https:\/\/mikolajkamler.pl\/en\/krolowie-stalowej-woli\/#primaryimage\"},\"image\":{\"@id\":\"https:\/\/mikolajkamler.pl\/en\/krolowie-stalowej-woli\/#primaryimage\"},\"thumbnailUrl\":\"http:\/\/manufaktura.art.pl\/wp-content\/uploads\/2019\/10\/IMG_6190.jpg\",\"datePublished\":\"2019-10-09T11:17:30+00:00\",\"dateModified\":\"2019-10-09T11:20:43+00:00\",\"breadcrumb\":{\"@id\":\"https:\/\/mikolajkamler.pl\/en\/krolowie-stalowej-woli\/#breadcrumb\"},\"inLanguage\":\"pl-PL\",\"potentialAction\":[{\"@type\":\"ReadAction\",\"target\":[\"https:\/\/mikolajkamler.pl\/en\/krolowie-stalowej-woli\/\"]}]},{\"@type\":\"ImageObject\",\"inLanguage\":\"pl-PL\",\"@id\":\"https:\/\/mikolajkamler.pl\/en\/krolowie-stalowej-woli\/#primaryimage\",\"url\":\"http:\/\/manufaktura.art.pl\/wp-content\/uploads\/2019\/10\/IMG_6190.jpg\",\"contentUrl\":\"http:\/\/manufaktura.art.pl\/wp-content\/uploads\/2019\/10\/IMG_6190.jpg\"},{\"@type\":\"BreadcrumbList\",\"@id\":\"https:\/\/mikolajkamler.pl\/en\/krolowie-stalowej-woli\/#breadcrumb\",\"itemListElement\":[{\"@type\":\"ListItem\",\"position\":1,\"name\":\"Strona g\u0142\u00f3wna\",\"item\":\"https:\/\/mikolajkamler.pl\/en\/\"},{\"@type\":\"ListItem\",\"position\":2,\"name\":\"Kr\u00f3lowie Stalowej Woli\"}]},{\"@type\":\"WebSite\",\"@id\":\"https:\/\/mikolajkamler.pl\/pl_pl\/#website\",\"url\":\"https:\/\/mikolajkamler.pl\/pl_pl\/\",\"name\":\"Miko\u0142aj Kamler - portfolio\",\"description\":\"Ilustracje ||| Animacje\",\"publisher\":{\"@id\":\"https:\/\/mikolajkamler.pl\/pl_pl\/#\/schema\/person\/337577033a7bcebd4e5ce98fb5307608\"},\"potentialAction\":[{\"@type\":\"SearchAction\",\"target\":{\"@type\":\"EntryPoint\",\"urlTemplate\":\"https:\/\/mikolajkamler.pl\/pl_pl\/?s={search_term_string}\"},\"query-input\":{\"@type\":\"PropertyValueSpecification\",\"valueRequired\":true,\"valueName\":\"search_term_string\"}}],\"inLanguage\":\"pl-PL\"},{\"@type\":[\"Person\",\"Organization\"],\"@id\":\"https:\/\/mikolajkamler.pl\/pl_pl\/#\/schema\/person\/337577033a7bcebd4e5ce98fb5307608\",\"name\":\"admin\",\"image\":{\"@type\":\"ImageObject\",\"inLanguage\":\"pl-PL\",\"@id\":\"https:\/\/mikolajkamler.pl\/pl_pl\/#\/schema\/person\/image\/\",\"url\":\"https:\/\/secure.gravatar.com\/avatar\/809b6c0cf9614ccd65f07625e2ee48b51671016f28fd9dc3c0888dc092c58515?s=96&d=mm&r=g\",\"contentUrl\":\"https:\/\/secure.gravatar.com\/avatar\/809b6c0cf9614ccd65f07625e2ee48b51671016f28fd9dc3c0888dc092c58515?s=96&d=mm&r=g\",\"caption\":\"admin\"},\"logo\":{\"@id\":\"https:\/\/mikolajkamler.pl\/pl_pl\/#\/schema\/person\/image\/\"}}]}<\/script>\n<!-- \/ Yoast SEO plugin. -->","yoast_head_json":{"title":"Kr\u00f3lowie Stalowej Woli | Miko\u0142aj Kamler","robots":{"index":"index","follow":"follow","max-snippet":"max-snippet:-1","max-image-preview":"max-image-preview:large","max-video-preview":"max-video-preview:-1"},"canonical":"https:\/\/mikolajkamler.pl\/pl_pl\/krolowie-stalowej-woli\/","og_locale":"pl_PL","og_type":"article","og_title":"Kr\u00f3lowie Stalowej Woli | Miko\u0142aj Kamler","og_description":"27 wrze\u015bnia mia\u0142em przyjemno\u015b\u0107 spotka\u0107 si\u0119 z dzie\u0107mi ( uczniami klasy V PSP z Oddzia\u0142ami Integracyjnymi nr 7 ) w Miejskiej Bibliotece Publicznej w Stalowej Woli. By\u0142y to warsztaty z ilustracji, podczas kt\u00f3rych mia\u0142y powsta\u0107 portrety kr\u00f3lewskie. Opowiedzia\u0142em im jak dzia\u0142a ilustrator i jak powstaj\u0105 ilustrowane ksi\u0105\u017cki, po czym wzi\u0119li\u015bmy si\u0119 do roboty. Do pomocy [&hellip;]","og_url":"https:\/\/mikolajkamler.pl\/pl_pl\/krolowie-stalowej-woli\/","og_site_name":"Miko\u0142aj Kamler","article_published_time":"2019-10-09T11:17:30+00:00","article_modified_time":"2019-10-09T11:20:43+00:00","og_image":[{"width":2560,"height":1707,"url":"https:\/\/i0.wp.com\/mikolajkamler.pl\/wp-content\/uploads\/2019\/10\/IMG_6190-scaled.jpg?fit=2560%2C1707&ssl=1?v=1706113897","type":"image\/jpeg"}],"author":"admin","twitter_card":"summary_large_image","twitter_misc":{"Napisane przez":"admin","Szacowany czas czytania":"1 minuta"},"schema":{"@context":"https:\/\/schema.org","@graph":[{"@type":"Article","@id":"https:\/\/mikolajkamler.pl\/en\/krolowie-stalowej-woli\/#article","isPartOf":{"@id":"https:\/\/mikolajkamler.pl\/en\/krolowie-stalowej-woli\/"},"author":{"name":"admin","@id":"https:\/\/mikolajkamler.pl\/pl_pl\/#\/schema\/person\/337577033a7bcebd4e5ce98fb5307608"},"headline":"Kr\u00f3lowie Stalowej Woli","datePublished":"2019-10-09T11:17:30+00:00","dateModified":"2019-10-09T11:20:43+00:00","mainEntityOfPage":{"@id":"https:\/\/mikolajkamler.pl\/en\/krolowie-stalowej-woli\/"},"wordCount":133,"commentCount":0,"publisher":{"@id":"https:\/\/mikolajkamler.pl\/pl_pl\/#\/schema\/person\/337577033a7bcebd4e5ce98fb5307608"},"image":{"@id":"https:\/\/mikolajkamler.pl\/en\/krolowie-stalowej-woli\/#primaryimage"},"thumbnailUrl":"http:\/\/manufaktura.art.pl\/wp-content\/uploads\/2019\/10\/IMG_6190.jpg","articleSection":["spotkania autorskie"],"inLanguage":"pl-PL","potentialAction":[{"@type":"CommentAction","name":"Comment","target":["https:\/\/mikolajkamler.pl\/en\/krolowie-stalowej-woli\/#respond"]}]},{"@type":"WebPage","@id":"https:\/\/mikolajkamler.pl\/en\/krolowie-stalowej-woli\/","url":"https:\/\/mikolajkamler.pl\/en\/krolowie-stalowej-woli\/","name":"Kr\u00f3lowie Stalowej Woli | Miko\u0142aj Kamler","isPartOf":{"@id":"https:\/\/mikolajkamler.pl\/pl_pl\/#website"},"primaryImageOfPage":{"@id":"https:\/\/mikolajkamler.pl\/en\/krolowie-stalowej-woli\/#primaryimage"},"image":{"@id":"https:\/\/mikolajkamler.pl\/en\/krolowie-stalowej-woli\/#primaryimage"},"thumbnailUrl":"http:\/\/manufaktura.art.pl\/wp-content\/uploads\/2019\/10\/IMG_6190.jpg","datePublished":"2019-10-09T11:17:30+00:00","dateModified":"2019-10-09T11:20:43+00:00","breadcrumb":{"@id":"https:\/\/mikolajkamler.pl\/en\/krolowie-stalowej-woli\/#breadcrumb"},"inLanguage":"pl-PL","potentialAction":[{"@type":"ReadAction","target":["https:\/\/mikolajkamler.pl\/en\/krolowie-stalowej-woli\/"]}]},{"@type":"ImageObject","inLanguage":"pl-PL","@id":"https:\/\/mikolajkamler.pl\/en\/krolowie-stalowej-woli\/#primaryimage","url":"http:\/\/manufaktura.art.pl\/wp-content\/uploads\/2019\/10\/IMG_6190.jpg","contentUrl":"http:\/\/manufaktura.art.pl\/wp-content\/uploads\/2019\/10\/IMG_6190.jpg"},{"@type":"BreadcrumbList","@id":"https:\/\/mikolajkamler.pl\/en\/krolowie-stalowej-woli\/#breadcrumb","itemListElement":[{"@type":"ListItem","position":1,"name":"Strona g\u0142\u00f3wna","item":"https:\/\/mikolajkamler.pl\/en\/"},{"@type":"ListItem","position":2,"name":"Kr\u00f3lowie Stalowej Woli"}]},{"@type":"WebSite","@id":"https:\/\/mikolajkamler.pl\/pl_pl\/#website","url":"https:\/\/mikolajkamler.pl\/pl_pl\/","name":"Miko\u0142aj Kamler - portfolio","description":"Ilustracje ||| Animacje","publisher":{"@id":"https:\/\/mikolajkamler.pl\/pl_pl\/#\/schema\/person\/337577033a7bcebd4e5ce98fb5307608"},"potentialAction":[{"@type":"SearchAction","target":{"@type":"EntryPoint","urlTemplate":"https:\/\/mikolajkamler.pl\/pl_pl\/?s={search_term_string}"},"query-input":{"@type":"PropertyValueSpecification","valueRequired":true,"valueName":"search_term_string"}}],"inLanguage":"pl-PL"},{"@type":["Person","Organization"],"@id":"https:\/\/mikolajkamler.pl\/pl_pl\/#\/schema\/person\/337577033a7bcebd4e5ce98fb5307608","name":"admin","image":{"@type":"ImageObject","inLanguage":"pl-PL","@id":"https:\/\/mikolajkamler.pl\/pl_pl\/#\/schema\/person\/image\/","url":"https:\/\/secure.gravatar.com\/avatar\/809b6c0cf9614ccd65f07625e2ee48b51671016f28fd9dc3c0888dc092c58515?s=96&d=mm&r=g","contentUrl":"https:\/\/secure.gravatar.com\/avatar\/809b6c0cf9614ccd65f07625e2ee48b51671016f28fd9dc3c0888dc092c58515?s=96&d=mm&r=g","caption":"admin"},"logo":{"@id":"https:\/\/mikolajkamler.pl\/pl_pl\/#\/schema\/person\/image\/"}}]}},"jetpack_featured_media_url":"","jetpack_sharing_enabled":true,"jetpack_likes_enabled":true,"_links":{"self":[{"href":"http:\/\/mikolajkamler.pl\/pl_pl\/wp-json\/wp\/v2\/posts\/1241","targetHints":{"allow":["GET"]}}],"collection":[{"href":"http:\/\/mikolajkamler.pl\/pl_pl\/wp-json\/wp\/v2\/posts"}],"about":[{"href":"http:\/\/mikolajkamler.pl\/pl_pl\/wp-json\/wp\/v2\/types\/post"}],"author":[{"embeddable":true,"href":"http:\/\/mikolajkamler.pl\/pl_pl\/wp-json\/wp\/v2\/users\/1"}],"replies":[{"embeddable":true,"href":"http:\/\/mikolajkamler.pl\/pl_pl\/wp-json\/wp\/v2\/comments?post=1241"}],"version-history":[{"count":2,"href":"http:\/\/mikolajkamler.pl\/pl_pl\/wp-json\/wp\/v2\/posts\/1241\/revisions"}],"predecessor-version":[{"id":1244,"href":"http:\/\/mikolajkamler.pl\/pl_pl\/wp-json\/wp\/v2\/posts\/1241\/revisions\/1244"}],"wp:attachment":[{"href":"http:\/\/mikolajkamler.pl\/pl_pl\/wp-json\/wp\/v2\/media?parent=1241"}],"wp:term":[{"taxonomy":"category","embeddable":true,"href":"http:\/\/mikolajkamler.pl\/pl_pl\/wp-json\/wp\/v2\/categories?post=1241"},{"taxonomy":"post_tag","embeddable":true,"href":"http:\/\/mikolajkamler.pl\/pl_pl\/wp-json\/wp\/v2\/tags?post=1241"}],"curies":[{"name":"wp","href":"https:\/\/api.w.org\/{rel}","templated":true}]}}